{"id":1294,"date":"2024-04-08T14:51:09","date_gmt":"2024-04-08T14:51:09","guid":{"rendered":"https:\/\/re-lab.kwang.studio\/?p=1294"},"modified":"2024-04-09T18:54:08","modified_gmt":"2024-04-09T18:54:08","slug":"en-podcastserie-om-om-et-moderne-og-mangfoldigt-arbejdsmarked","status":"publish","type":"post","link":"https:\/\/re-lab.kwang.studio\/index.php\/2024\/04\/08\/en-podcastserie-om-om-et-moderne-og-mangfoldigt-arbejdsmarked\/","title":{"rendered":"Fremtidens fagforening"},"content":{"rendered":"\n<p class=\"wp-block-paragraph\"><\/p>\n\n\n\n<p class=\"wp-block-paragraph\">I dette afsnit taler jeg med projektleder Signe Bj\u00f8rg fra Finansforbundet, som over 3 \u00e5r skal unders\u00f8ge, hvordan og om der skal v\u00e6re fagforeninger i fremtiden. Signe er optaget af muligheder, nyt design og narrativ omkring en af det helt centrale dele af vores danske model, nemlig fagforeningerne &#8211; men er de ogs\u00e5 aktuelle i fremtiden og i hvilket format? Det og meget mere om livsfaser, livsvalg og regenerative principper kan du h\u00f8re om afsnittet.<\/p>\n\n\n\n<p class=\"wp-block-paragraph\"><\/p>\n\n\n\n<iframe title=\"Spotify Embed: Er der fagforeninger i fremtiden? \" style=\"border-radius: 12px\" width=\"100%\" height=\"152\" frameborder=\"0\" allowfullscreen allow=\"autoplay; clipboard-write; encrypted-media; fullscreen; picture-in-picture\" loading=\"lazy\" src=\"https:\/\/open.spotify.com\/embed\/episode\/1wG5DsZK9dLVlJLb5i5aB8?utm_source=oembed\"><\/iframe>\n","protected":false},"excerpt":{"rendered":"<p>En r\u00e6kke samtaler med det form\u00e5l at nuancere den brydningstid vi menneskeligt og teknologisk er vidne til p\u00e5 det danske arbejdsmarked, hvor flere bryder normen om et 8-16 job &#8230;<\/p>\n","protected":false},"author":2,"featured_media":1463,"comment_status":"open","ping_status":"open","sticky":false,"template":"","format":"standard","meta":{"_acf_changed":false,"footnotes":""},"categories":[9],"tags":[8,40,39,41],"class_list":["post-1294","post","type-post","status-publish","format-standard","has-post-thumbnail","hentry","category-podcast","tag-arbejdsliv","tag-faellesskaber","tag-fremtidens-fagforening","tag-livsfaser"],"acf":[],"_links":{"self":[{"href":"https:\/\/re-lab.kwang.studio\/index.php\/wp-json\/wp\/v2\/posts\/1294","targetHints":{"allow":["GET"]}}],"collection":[{"href":"https:\/\/re-lab.kwang.studio\/index.php\/wp-json\/wp\/v2\/posts"}],"about":[{"href":"https:\/\/re-lab.kwang.studio\/index.php\/wp-json\/wp\/v2\/types\/post"}],"author":[{"embeddable":true,"href":"https:\/\/re-lab.kwang.studio\/index.php\/wp-json\/wp\/v2\/users\/2"}],"replies":[{"embeddable":true,"href":"https:\/\/re-lab.kwang.studio\/index.php\/wp-json\/wp\/v2\/comments?post=1294"}],"version-history":[{"count":14,"href":"https:\/\/re-lab.kwang.studio\/index.php\/wp-json\/wp\/v2\/posts\/1294\/revisions"}],"predecessor-version":[{"id":1880,"href":"https:\/\/re-lab.kwang.studio\/index.php\/wp-json\/wp\/v2\/posts\/1294\/revisions\/1880"}],"wp:featuredmedia":[{"embeddable":true,"href":"https:\/\/re-lab.kwang.studio\/index.php\/wp-json\/wp\/v2\/media\/1463"}],"wp:attachment":[{"href":"https:\/\/re-lab.kwang.studio\/index.php\/wp-json\/wp\/v2\/media?parent=1294"}],"wp:term":[{"taxonomy":"category","embeddable":true,"href":"https:\/\/re-lab.kwang.studio\/index.php\/wp-json\/wp\/v2\/categories?post=1294"},{"taxonomy":"post_tag","embeddable":true,"href":"https:\/\/re-lab.kwang.studio\/index.php\/wp-json\/wp\/v2\/tags?post=1294"}],"curies":[{"name":"wp","href":"https:\/\/api.w.org\/{rel}","templated":true}]}}